{"id":38011,"date":"2021-01-17T12:42:04","date_gmt":"2021-01-17T19:42:04","guid":{"rendered":"https:\/\/www.alanarnette.com\/blog\/?p=38011"},"modified":"2021-01-17T13:00:41","modified_gmt":"2021-01-17T20:00:41","slug":"potential-broad-peak-tragedy","status":"publish","type":"post","link":"https:\/\/www.alanarnette.com\/blog\/2021\/01\/17\/potential-broad-peak-tragedy\/","title":{"rendered":"Potential Broad Peak Tragedy"},"content":{"rendered":"<p>After the first winter K2 summit and the tragic death of Sergi Mingote on K2, now there is a developing situation on Broad Peak.<\/p>\n<p><a href=\"https:\/\/www.facebook.com\/zoltan.szlanko\" target=\"_blank\" rel=\"noopener\">Zolt\u00e1n Szlank\u00f3<\/a> and A<a href=\"https:\/\/www.facebook.com\/alex.goldfarb.3\" target=\"_blank\" rel=\"noopener\">lex Goldfarb<\/a>\u00a0arrived at base camp and conducted\u00a0an acclimatization rotation to\u00a0Pastore Peak (6,209 meters \/ 20,365 ft.), positioned as &#8220;an easy &#8220;trekking <b>peak<\/b>&#8221; located near K2 and Broad <b>Peak<\/b> base camp.&#8221; Now Alex is missing. This was the last update:<\/p>\n<blockquote>\n<div class=\"bi6gxh9e\">\n<div class=\"bi6gxh9e\"><span class=\"d2edcug0 hpfvmrgz qv66sw1b c1et5uql oi732d6d ik7dh3pa fgxwclzu gfeo3gy3 a3bd9o3v knj5qynh oo9gr5id\">Alex and Zoltan today went to check out the route to Pastore Peak (6209 m), their planned acclimatization peak. &#8220;It isn&#8217;t easy&#8221; &#8211; Zoltan wrote us. &#8220;Weather was cold but beautiful&#8221; &#8211; he added.\u00a0<\/span><span class=\"d2edcug0 hpfvmrgz qv66sw1b c1et5uql oi732d6d ik7dh3pa fgxwclzu gfeo3gy3 a3bd9o3v knj5qynh oo9gr5id\">John Snorri wanted to pay a visit to the pair today but they were still out on the glacier so they didn&#8217;t meet. Maybe at a later time!<\/span><\/div>\n<\/div>\n<\/blockquote>\n<div>And from a few days prior to that last update:<\/div>\n<blockquote>\n<div class=\"bi6gxh9e\"><span class=\"d2edcug0 hpfvmrgz qv66sw1b c1et5uql oi732d6d ik7dh3pa fgxwclzu gfeo3gy3 a3bd9o3v knj5qynh oo9gr5id\">Alex Goldfarb and Zoltan Szlanko today have arrived at Broad Peak Base Camp. Although a short day&#8217;s trip, it was really hard because of the punishing windstorm. They had to fight to be able to pitch the tents. No idea about temperature, Zoltan only sad it was &#8220;freaking cold&#8221;.\u00a0<\/span><span class=\"d2edcug0 hpfvmrgz qv66sw1b c1et5uql oi732d6d ik7dh3pa fgxwclzu gfeo3gy3 a3bd9o3v knj5qynh oo9gr5id\">There is no chance to build an igloo, even if they wanted to, like Alex Txikon did a couple years back on K2. There is hardly any snow, everything is black, they built the tents on the rocks of the moraine. Food is good, which is always important.\u00a0<\/span><span class=\"d2edcug0 hpfvmrgz qv66sw1b c1et5uql oi732d6d ik7dh3pa fgxwclzu gfeo3gy3 a3bd9o3v knj5qynh oo9gr5id\">(Official expedition communication by Laszlo Pinter, <a class=\"oajrlxb2 g5ia77u1 qu0x051f esr5mh6w e9989ue4 r7d6kgcz rq0escxv nhd2j8a9 nc684nl6 p7hjln8o kvgmc6g5 cxmmr5t8 oygrvhab hcukyx3x jb3vyjys rz4wbd8a qt6c0cv9 a8nywdso i1ao9s8h esuyzwwr f1sip0of lzcic4wl oo9gr5id gpro0wi8 lrazzd5p\" tabindex=\"0\" role=\"link\" href=\"https:\/\/www.facebook.com\/Mozgasvilag\/?__cft__[0]=AZXQhIc_lSr9g2KODYB3L3-M6LVq0cXi1G35_OIRWwQDVSTvDdIPGf8lO5kp8weXI0fKOdvfq4PuuQfVzX1V_o98ztB0qv9idGD0N-aV2lWx7vkbo0yIou95vB6ZWBNLrQxmTNT6DJ-0X6JeAMyF2_uuHolcUu3pt0AMQVE94uhulJbuPdT1aquibYW95EEK7cA&amp;__tn__=-UK-y-R\">Mozg\u00e1svil\u00e1g<\/a>. Free for editorial purposes, with proper link and credit to this post.)<\/span><\/div>\n<\/blockquote>\n<div><a href=\"https:\/\/www.alanarnette.com\/blog\/wp-content\/uploads\/2021\/01\/Hungrians-Ama-dablam-RussianClimb-1.jpg\"><img loading=\"lazy\" decoding=\"async\" class=\"aligncenter size-full wp-image-38014\" src=\"https:\/\/www.alanarnette.com\/blog\/wp-content\/uploads\/2021\/01\/Hungrians-Ama-dablam-RussianClimb-1.jpg\" alt=\"\" width=\"640\" height=\"428\" srcset=\"https:\/\/www.alanarnette.com\/blog\/wp-content\/uploads\/2021\/01\/Hungrians-Ama-dablam-RussianClimb-1.jpg 640w, https:\/\/www.alanarnette.com\/blog\/wp-content\/uploads\/2021\/01\/Hungrians-Ama-dablam-RussianClimb-1-300x201.jpg 300w, https:\/\/www.alanarnette.com\/blog\/wp-content\/uploads\/2021\/01\/Hungrians-Ama-dablam-RussianClimb-1-230x154.jpg 230w, https:\/\/www.alanarnette.com\/blog\/wp-content\/uploads\/2021\/01\/Hungrians-Ama-dablam-RussianClimb-1-350x234.jpg 350w, https:\/\/www.alanarnette.com\/blog\/wp-content\/uploads\/2021\/01\/Hungrians-Ama-dablam-RussianClimb-1-480x321.jpg 480w\" sizes=\"auto, (max-width: 640px) 100vw, 640px\" \/><\/a><\/div>\n<p>This is all we know at the moment as told by the expedition press officer, L\u00e1szl\u00f3 Pint\u00e9r:<\/p>\n<blockquote><p><b>Broad Peak winter expedition: Alex Goldfarb is missing on Pastore Peak<\/b><\/p>\n<p><b><i>After having not returned by the agreed deadline from his acclimatization climb, a search and rescue was initiated<\/i><\/b><\/p>\n<p>Russian-American Alex Goldfarb and Hungarian Zoltan Szlanko have set out to make a winter attempt on 8051 m Broad Peak. Because of the short time they have for the expedition, they have kept their expectations low and took this as an experimental expedition.<\/p>\n<p>After having arrived in Pakistan and having sorted out all necessary procedures they started their 5-day trek to base camp which they reached on 8<sup>th<\/sup> January.<\/p>\n<p>Alex and Zoltan then made a reconnaissance of the route to their planned acclimatization peak, 6209 metre Pastore, which has not been climbed in winter before.<\/p>\n<p>A few days later they set out to give it a go. After assessing the heavily crevassed terrain\u2019s dangers, the experienced climbing instructor and mountain rescuer Zoltan suggested to return and did so, while Alex decided to continue. In his last communication with base camp, Alex told to return by evening of Saturday, 16th January. But as he didn&#8217;t appear, Sunday morning a ground team was initiated and went to search the route, but found no trace of him yet. Besides Zoltan himself, the Icelandic climber, John Snorri Sigurjonsson who is on nearby K2, are helping with the search. On Monday local authorities are planning to make a helicopter search.<\/p>\n<p>More info as soon as we get it. Our thoughts and prayers are with Alex and his family.<\/p>\n<p>The expedition\u2019s media partner is the Hungarian online outdoor magazine, Mozg\u00e1svil\u00e1g. Bilingual news dispatches are available in <a href=\"https:\/\/www.facebook.com\/groups\/hohatar\">H\u00f3hat\u00e1r<\/a>, a Facebook group run by Mozg\u00e1svil\u00e1g and dedicated to international mountaineering news.<\/p>\n<p>This press release is free for editorial use, with the condition of referral to the contact below.<\/p>\n<p>With media inquiries and interview requests please contact:<\/p>\n<p>L\u00e1szl\u00f3 Pint\u00e9r<br \/>\npress officer of the Broad Peak Winter Expedition 2021<br \/>\nlpinter@eusp.hu<br \/>\n+36 70 548 7378<\/p><\/blockquote>\n<p>They were trying another difficult winter climb as Broad had only been summited once in winter\u00a0on March 5, 2013. That team also saw tragedy. Lead by Polish climbers Adam Bielecki, and Artur Malek, two members Maciej Berbeka and Tomasz Kowalski died during the descent.<\/p>\n<p>Last year, a winter attempt was made by Denis Urubko and Don Bowie, but Bowie got sick and left. Urubko made an unsuccessful attempt alone.<\/p>\n<p>The latest:<\/p>\n<h3 class=\"gmql0nx0 l94mrbxd p1ri9a11 lzcic4wl n851cfcs n1l5q3vz\" dir=\"auto\"><span class=\"d2edcug0 hpfvmrgz qv66sw1b c1et5uql oi732d6d ik7dh3pa fgxwclzu o3w64lxj b2s5l15y knj5qynh oo9gr5id\">Helicopter search starts tomorrow morning<\/span><\/h3>\n<blockquote>\n<div class=\"bi6gxh9e\"><span class=\"d2edcug0 hpfvmrgz qv66sw1b c1et5uql oi732d6d ik7dh3pa fgxwclzu gfeo3gy3 a3bd9o3v knj5qynh oo9gr5id\">A helicopter search has been organized for tomorrow to look for Alex Goldfarb. To cover the costs, the son of Alex has initiated a croudfunding page:\u00a0<\/span><span class=\"d2edcug0 hpfvmrgz qv66sw1b c1et5uql oi732d6d ik7dh3pa fgxwclzu gfeo3gy3 a3bd9o3v knj5qynh oo9gr5id\"><a class=\"oajrlxb2 g5ia77u1 qu0x051f esr5mh6w e9989ue4 r7d6kgcz rq0escxv nhd2j8a9 nc684nl6 p7hjln8o kvgmc6g5 cxmmr5t8 oygrvhab hcukyx3x jb3vyjys rz4wbd8a qt6c0cv9 a8nywdso i1ao9s8h esuyzwwr f1sip0of lzcic4wl py34i1dx gpro0wi8\" tabindex=\"0\" role=\"link\" href=\"https:\/\/www.gofundme.com\/f\/alex-goldfarb-helicopter-rescue?fbclid=IwAR37tRpZVKiyxpRInVNsGD_7zlzfPbtQ0_g0kCUus7nxhMyaNu8RmF6XO_0\" target=\"_blank\" rel=\"nofollow noopener\">https:\/\/www.gofundme.com\/f\/alex-goldfarb-helicopter-rescue<\/a><\/span><\/div>\n<div><\/div>\n<div class=\"bi6gxh9e\"><span class=\"d2edcug0 hpfvmrgz qv66sw1b c1et5uql oi732d6d ik7dh3pa fgxwclzu gfeo3gy3 a3bd9o3v knj5qynh oo9gr5id\">The plan is that the heli will take off from K2 Base Camp tomorrow morning and make a search flight of 2-3 hours. Meanwhile, a drone search has already been conducted. It has reached the shoulder of Pastore Peak, where the place of high camp is. Alex thought to have reached high camp and that was where he last radioed from before his planned summit push. There was no sign of Alex there.<\/span><\/div>\n<div class=\"bi6gxh9e\">Unfortunately, snow has started to fall, but we hope it will be possible for the helis to fly tomorrow. John Snorri and Sajid Saspara, the son of Muhammad Ali Sadpara generously offered their help and spend the night in Broad Peak Base camp, where they are supposed to be picked up by the helis for the search, together with Zoltan Szlanko.<\/div>\n<div><\/div>\n<div class=\"bi6gxh9e\"><span class=\"d2edcug0 hpfvmrgz qv66sw1b c1et5uql oi732d6d ik7dh3pa fgxwclzu gfeo3gy3 a3bd9o3v knj5qynh oo9gr5id\">More info as soon as we get it. Thoughts are with Alex and his family <span class=\"pq6dq46d tbxw36s4 knj5qynh kvgmc6g5 ditlmg2l oygrvhab nvdbi5me sf5mxxl7 gl3lb2sf hhz5lgdu\"><img loading=\"lazy\" decoding=\"async\" src=\"https:\/\/static.xx.fbcdn.net\/images\/emoji.php\/v9\/t1f\/2\/16\/1f64f.png\" alt=\"&#x1f64f;\" width=\"16\" height=\"16\" \/><\/span><\/span><\/div>\n<\/blockquote>\n<div class=\"bi6gxh9e\">\n<blockquote><p><span class=\"d2edcug0 hpfvmrgz qv66sw1b c1et5uql oi732d6d ik7dh3pa fgxwclzu gfeo3gy3 a3bd9o3v knj5qynh oo9gr5id\">Free for editorial purposes, with proper link and credit to this post.)(Official expedition communication by Laszlo Pinter, <\/span><\/p>\n<div class=\"nc684nl6\">Mozg\u00e1svil\u00e1g<\/div>\n<\/blockquote>\n<\/div>\n<p>Climb On!<br \/>\nAlan<br \/>\nMemories are Everything<\/p>\n<h2><strong>Resources<\/strong>:<\/h2>\n<ul>\n<li><a href=\"https:\/\/www.alanarnette.com\/blog\/reader-polls\/\" target=\"_blank\" rel=\"noopener\">Share your opinion on the reader polls<\/a><\/li>\n<li><a href=\"https:\/\/youtu.be\/aN5gtrkwgb4\" target=\"_blank\" rel=\"noopener\">A 30-minute documentary of Alan&#8217;s 2014 K2 Summit<\/a><\/li>\n<li>Known GPS Trackers:\n<ul>\n<li><a href=\"https:\/\/atanasskatov.com\/new-en\/\" target=\"_blank\" rel=\"noopener\">Atanas Skatov<\/a><\/li>\n<li><a title=\"John Snorri Sigurjonsson\" href=\"https:\/\/share.garmin.com\/8OR9H\" target=\"_blank\" rel=\"nofollow noopener ugc\">John Snorri Sigurjonsson<\/a><\/li>\n<li><a title=\"Juan Pablo Mohr Prieto\" href=\"https:\/\/share.garmin.com\/juanpablomohr\/\" rel=\"nofollow ugc\">Juan Pablo Mohr Prieto<\/a><\/li>\n<li><a title=\"Magdalena Gorzkowska\" href=\"https:\/\/maps.findmespot.com\/s\/JCPZ#live\/assets\" target=\"_blank\" rel=\"nofollow noopener ugc\">Magdalena Gorzkowska<\/a><\/li>\n<\/ul>\n<\/li>\n<li>The traditional Camp locations are:\n<ul>\n<li style=\"list-style-type: none;\">\n<ul>\n<li><strong>Base Camp: <\/strong>17,500ft\/5334m<\/li>\n<li><strong>Advanced Base Camp: <\/strong>18,650ft\/5650m<\/li>\n<li><strong>Camp 1:<\/strong> 19,965&#8217;\/6050m<\/li>\n<li><strong>Camp 2:<\/strong> 22,110&#8217;\/6700m<\/li>\n<li><strong>Camp 3:<\/strong> 23,760&#8217;\/7200m<\/li>\n<li><strong>Camp 4:<\/strong> 25,080&#8217;\/7600m<\/li>\n<li><strong>Summit:<\/strong> 28,251&#8221;\/8611<\/li>\n<\/ul>\n<\/li>\n<\/ul>\n<\/li>\n<\/ul>\n<ul>\n<li style=\"list-style-type: none;\"><\/li>\n<\/ul>\n","protected":false},"excerpt":{"rendered":"<p>After the first winter K2 summit and the tragic death of Sergi Mingote on K2, now there is a developing situation on Broad Peak.<\/p>\n","protected":false},"author":4,"featured_media":31228,"comment_status":"open","ping_status":"closed","sticky":false,"template":"","format":"standard","meta":{"jetpack_post_was_ever_published":false,"footnotes":"","jetpack_publicize_message":"After the first winter K2 summit and the tragic death of Sergi Mingote on K2, now there is a developing situation on Broad Peak.","jetpack_publicize_feature_enabled":true,"jetpack_social_post_already_shared":true,"jetpack_social_options":{"image_generator_settings":{"template":"dois","default_image_id":0,"font":"","enabled":false},"version":2},"_wpas_customize_per_network":false},"categories":[604,7,422,562,597],"tags":[236,42,598,487,602],"class_list":["post-38011","post","type-post","status-publish","format-standard","has-post-thumbnail","hentry","category-broad-peak","category-climbing-news","category-k2","category-k2-2020-coverage","category-k2-winter","tag-broad-peak","tag-k2","tag-k2-winter","tag-mingma-gyalje-sherpa","tag-Nimral-purja"],"aioseo_notices":[],"jetpack_publicize_connections":[],"jetpack_featured_media_url":"https:\/\/www.alanarnette.com\/blog\/wp-content\/uploads\/2018\/07\/Broad-peak.jpg","_links":{"self":[{"href":"https:\/\/www.alanarnette.com\/blog\/wp-json\/wp\/v2\/posts\/38011","targetHints":{"allow":["GET"]}}],"collection":[{"href":"https:\/\/www.alanarnette.com\/blog\/wp-json\/wp\/v2\/posts"}],"about":[{"href":"https:\/\/www.alanarnette.com\/blog\/wp-json\/wp\/v2\/types\/post"}],"author":[{"embeddable":true,"href":"https:\/\/www.alanarnette.com\/blog\/wp-json\/wp\/v2\/users\/4"}],"replies":[{"embeddable":true,"href":"https:\/\/www.alanarnette.com\/blog\/wp-json\/wp\/v2\/comments?post=38011"}],"version-history":[{"count":0,"href":"https:\/\/www.alanarnette.com\/blog\/wp-json\/wp\/v2\/posts\/38011\/revisions"}],"wp:featuredmedia":[{"embeddable":true,"href":"https:\/\/www.alanarnette.com\/blog\/wp-json\/wp\/v2\/media\/31228"}],"wp:attachment":[{"href":"https:\/\/www.alanarnette.com\/blog\/wp-json\/wp\/v2\/media?parent=38011"}],"wp:term":[{"taxonomy":"category","embeddable":true,"href":"https:\/\/www.alanarnette.com\/blog\/wp-json\/wp\/v2\/categories?post=38011"},{"taxonomy":"post_tag","embeddable":true,"href":"https:\/\/www.alanarnette.com\/blog\/wp-json\/wp\/v2\/tags?post=38011"}],"curies":[{"name":"wp","href":"https:\/\/api.w.org\/{rel}","templated":true}]}}