{"id":38239,"date":"2021-01-29T10:05:57","date_gmt":"2021-01-29T17:05:57","guid":{"rendered":"https:\/\/www.alanarnette.com\/blog\/?p=38239"},"modified":"2022-06-15T16:48:41","modified_gmt":"2022-06-15T22:48:41","slug":"winter-k2-update-manaslu-challenges","status":"publish","type":"post","link":"https:\/\/www.alanarnette.com\/blog\/2021\/01\/29\/winter-k2-update-manaslu-challenges\/","title":{"rendered":"Winter K2 Update: Manaslu Challenges"},"content":{"rendered":"<p>K2 climbers continue to stay at Base Camp stalled by the weather meanwhile the five or so climbers on Nepal&#8217;s Manaslu found a huge open crevasse that will require route-finding skills to navigate. Some of the Nepali K2 10 will join the Manaslu effort. The search ends for Alex Goldfarb.<\/p>\n<hr \/>\n<h3>Big Picture<\/h3>\n<p>The big news is not on K2 but that some of the Nepali 10 who summited K2 12 days ago will join the Manaslu team. <a href=\"https:\/\/www.instagram.com\/climber_tenji\/\" target=\"_blank\" rel=\"noopener\">Vinayak Jaya Malla<\/a>\u00a0made a post and showed a video (see below) of the large crevasse that stopped progress on Manaslu and made the comment, &#8220;&#8230; will team up with some of the Nepali legends who recently conquered K2.&#8221;<\/p>\n<p>Nirmal Purja&#8217;s guide company managed the logistics for Vinayak and <a href=\"https:\/\/www.instagram.com\/climber_tenji\/\" target=\"_blank\" rel=\"noopener\">Tenji Sherpa<\/a>\u00a0thus it makes sense that Nirmal Purja himself may join them. The guys have spoken positively about him during their expedition. If so, then Nirmal Purja now may be on a quest to summit all 14 of the 8000er in winter, since he has a winter K2 under his harness. He would solidify an already impressive climbing record. It&#8217;s reported that <span class=\"goog-text-highlight\">Mingma David Sherpa and Mingma G. Sherpa will also join the Manaslu effort.<\/span><\/p>\n<p>Back to K2, the hoped-for break around February 3\/4 now looks to be measured in hours, not days, but we&#8217;ll. Some members took a stroll to ABC from BC today.<\/p>\n<p>Also, the search for Alex Goldfarb has officially ended according to the team spokesperson\u00a0<a href=\"https:\/\/www.facebook.com\/groups\/hohatar\/\" target=\"_blank\" rel=\"noopener\">L\u00e1szl\u00f3 Pint\u00e9r<\/a>:<\/p>\n<blockquote><p>Just a final update on our tragically ended Broad Peak Expedition. As you might have followed the dispatches, after localizing Alex Goldfarb&#8217;s body, his family made efforts to organize a retrieval mission. A 4-men team of strong Pakistani climbers was put together for a ground mission. The Pakistani government was generous to offer a free flight for them to Concordia, from there they arrived on foot to Broad Peak Base Camp. They have tried to reach the spot more times but failed. It is in a very dangerous place, not really suitable for a ground recovery.<\/p>\n<p>Since the time of the expedition was up, base camp was dismantled today and the ground team together with the 2-person staff and the Hungarian climber Zoltan Szlanko have started their trek back on the Baltoro. Thereby, the expedition is officially over.<\/p><\/blockquote>\n<hr \/>\n<h3>Snorri &amp; Team &#8211; At BC<\/h3>\n<p><a href=\"https:\/\/www.facebook.com\/johnsnorri\/\" target=\"_blank\" rel=\"noreferrer noopener\">John Snorri Sigurjonsson<\/a> with <a href=\"https:\/\/www.facebook.com\/muhammadalisadpara\/\" target=\"_blank\" rel=\"noreferrer noopener\">Muhammad Ali Sadpara<\/a> and Muhammad&#8217;s 20-year-old son <a href=\"https:\/\/www.instagram.com\/muhammadalisadpara\/\" target=\"_blank\" rel=\"noopener\">Sajid Ali<\/a>\u00a0are in Base Camp looking at the next weather window in early February.<\/p>\n<h3><img \/>Seven Summits Treks &#8211; Climbing will continue if there is good weather<\/h3>\n<p><a href=\"https:\/\/www.facebook.com\/sevensummittreks\/\" target=\"_blank\" rel=\"noopener noreferrer\">Seven Summits Trek&#8217;s<\/a> has their team at base camp. By my count, there are 17 members (perhaps fewer) and about 20 Sherpas still left. However, with this large of a team and the wide range of experience, I&#8217;ll never be surprised to see a few climbers get ahead of the pack.<\/p>\n<figure id=\"attachment_38144\"><\/figure>\n<hr \/>\n<h2>Manaslu &#8211; Crevasse Issues<\/h2>\n<p><a href=\"https:\/\/www.instagram.com\/iamsimonemoro\/\" target=\"_blank\" rel=\"noopener\">Simone Moro<\/a>, <a href=\"https:\/\/www.instagram.com\/iamsimonemoro\/\" target=\"_blank\" rel=\"noopener\">Alex Txikon<\/a>, and I\u00f1aki Alvarez are at Manaslu Base Camp.\u00a0<a href=\"https:\/\/www.instagram.com\/climber_tenji\/\" target=\"_blank\" rel=\"noopener\">Tenji Sherpa<\/a> and <a href=\"https:\/\/www.instagram.com\/climber_tenji\/\" target=\"_blank\" rel=\"noopener\">Vinayak Jaya Malla<\/a>\u00a0are also at Manaslu Base Camp ready to move higher when winds allow.\u00a0Simone gave this update:<\/p>\n<blockquote><p>We made it up to 6200 m. but a giant crevasse blocked our way, it&#8217;s the same crevasse encountered in 2019 with Mingma. Even with ladders and ropes you can&#8217;t get through it. In addition there are others above. So we descended back to C1 and now we have to change routes and we identified it.\u00a0Alex and three Sherpas stayed to sleep at C1 and will descend tomorrow after<\/p><\/blockquote>\n<p>Alex added:<\/p>\n<blockquote><p>Schedule change. A huge crack impossible to overcome even with 9 ladders, it brought Cheppal, Kalden, Namja and me back to C1; the others went back to BC. We have to find another way and we are already working on a new strategy. Today there was a strong snowstorm so if the wind gives us a respite tomorrow we will start working to equip the route along the tongue you see furthest to the right. We are super motivated and very strong<\/p><\/blockquote>\n<p>Vinayak posted and suggest some of the K2 Nepali 10 will join them on Manaslu:<\/p>\n<blockquote><p>Once the winds calmed earlier in the week we moved to Camp 1. Following the impassable crevasse on our approach to Camp 2, we returned to Camp 1 Wednesday afternoon. Subsequently we descended to Basecamp Thursday afternoon.<\/p>\n<p>Though disappointed to have to change our original approach, we have decided to wait here at Base Camp and will team up with some of the Nepali legends who recently conquered K2.<\/p><\/blockquote>\n<p>He posted this amazing video:<\/p>\n<div id=\"kgvid_kgvid_0_wrapper\" class=\"kgvid_wrapper kgvid_wrapper_auto_left kgvid_wrapper_auto_right\">\n\t\t\t<div id=\"video_kgvid_0_div\" class=\"fitvidsignore kgvid_videodiv\" data-id=\"kgvid_0\" data-kgvid_video_vars=\"{&quot;id&quot;:&quot;kgvid_0&quot;,&quot;attachment_id&quot;:38260,&quot;player_type&quot;:&quot;Video.js v8&quot;,&quot;width&quot;:&quot;640&quot;,&quot;height&quot;:&quot;640&quot;,&quot;fullwidth&quot;:&quot;true&quot;,&quot;fixed_aspect&quot;:&quot;vertical&quot;,&quot;countable&quot;:true,&quot;count_views&quot;:&quot;start_complete&quot;,&quot;start&quot;:&quot;&quot;,&quot;autoplay&quot;:&quot;false&quot;,&quot;pauseothervideos&quot;:&quot;true&quot;,&quot;set_volume&quot;:&quot;1&quot;,&quot;muted&quot;:&quot;false&quot;,&quot;meta&quot;:true,&quot;endofvideooverlay&quot;:&quot;https:\\\/\\\/www.alanarnette.com\\\/blog\\\/wp-content\\\/uploads\\\/2016\\\/12\\\/summitcoach-e1483568572550.jpg&quot;,&quot;resize&quot;:&quot;true&quot;,&quot;auto_res&quot;:&quot;automatic&quot;,&quot;pixel_ratio&quot;:&quot;true&quot;,&quot;right_click&quot;:false,&quot;playback_rate&quot;:&quot;true&quot;,&quot;title&quot;:&quot;Manaslu 2021 Crevase&quot;,&quot;skip_buttons&quot;:[],&quot;nativecontrolsfortouch&quot;:&quot;true&quot;,&quot;locale&quot;:&quot;en&quot;,&quot;enable_resolutions_plugin&quot;:false}\" itemprop=\"video\" itemscope itemtype=\"https:\/\/schema.org\/VideoObject\"><meta itemprop=\"thumbnailUrl\" content=\"https:\/\/www.alanarnette.com\/blog\/wp-content\/uploads\/2021\/01\/Manaslu-2021-Crevase_thumb1.jpg\"><meta itemprop=\"embedUrl\" content=\"https:\/\/www.alanarnette.com\/blog\/wp-content\/uploads\/2021\/01\/Manaslu-2021-Crevase.mp4\"><meta itemprop=\"contentUrl\" content=\"https:\/\/www.alanarnette.com\/blog\/wp-content\/uploads\/2021\/01\/Manaslu-2021-Crevase.mp4\"><meta itemprop=\"name\" content=\"Manaslu 2021 Crevase\"><meta itemprop=\"description\" content=\"Video\"><meta itemprop=\"uploadDate\" content=\"2021-01-29T09:45:32-07:00\">\n\t\t\t\t<video id=\"video_kgvid_0\" playsinline controls preload=\"metadata\" poster=\"https:\/\/www.alanarnette.com\/blog\/wp-content\/uploads\/2021\/01\/Manaslu-2021-Crevase_thumb1.jpg\" width=\"640\" height=\"640\" class=\"fitvidsignore video-js kg-video-js-skin\">\n\t\t\t\t\t<source src=\"https:\/\/www.alanarnette.com\/blog\/wp-content\/uploads\/2021\/01\/Manaslu-2021-Crevase.mp4?id=0\" type=\"video\/mp4\" data-res=\"640p\">\n\t\t\t\t<\/video>\n\t\t\t<\/div>\n\t\t\t<div class=\"kgvid_below_video\" id=\"video_kgvid_0_below\"><div class=\"kgvid-viewcount\" id=\"video_kgvid_0_viewcount\">2,695 views<\/div><\/div>\t\t\t<div style=\"display:none\" id=\"video_kgvid_0_meta\" class=\"kgvid_video_meta kgvid_video_meta_hover \">\n\t\t\t\t<span class='kgvid_meta_icons'><\/span>\n\t\t\t\t<span id='video_kgvid_0_title' class='kgvid_title'>Manaslu 2021 Crevase<\/span>\n<\/div>\n\t\t<\/div>\n<p>Climb On!<br \/>\nAlan<br \/>\nMemories are Everything<\/p>\n<h2>Resources:<\/h2>\n<ul>\n<li><a href=\"https:\/\/www.alanarnette.com\/blog\/reader-polls\/\" target=\"_blank\" rel=\"noopener\">Share your opinion on the reader polls<\/a><\/li>\n<li><a href=\"https:\/\/youtu.be\/aN5gtrkwgb4\" target=\"_blank\" rel=\"noopener\">A 30-minute documentary of Alan&#8217;s 2014 K2 Summit<\/a><\/li>\n<li>Known GPS Trackers:\n<ul>\n<li><a href=\"https:\/\/atanasskatov.com\/new-en\/\" target=\"_blank\" rel=\"noopener\">Atanas Skatov<\/a><\/li>\n<li><a title=\"John Snorri Sigurjonsson\" href=\"https:\/\/share.garmin.com\/8OR9H\" target=\"_blank\" rel=\"nofollow noopener ugc\">John Snorri Sigurjonsson<\/a><\/li>\n<li><a title=\"Juan Pablo Mohr Prieto\" href=\"https:\/\/share.garmin.com\/juanpablomohr\/\" rel=\"nofollow ugc\">Juan Pablo Mohr Prieto<\/a><\/li>\n<li><a title=\"Magdalena Gorzkowska\" href=\"https:\/\/maps.findmespot.com\/s\/JCPZ#live\/assets\" target=\"_blank\" rel=\"nofollow noopener ugc\">Magdalena Gorzkowska<\/a><\/li>\n<\/ul>\n<\/li>\n<li>The traditional K2 Camp locations are:\n<ul>\n<li style=\"list-style-type: none;\">\n<ul>\n<li>Base Camp: 17,500ft\/5334m<\/li>\n<li>Advanced Base Camp: 18,650ft\/5650m<\/li>\n<li>Camp 1: 19,965&#8217;\/6050m<\/li>\n<li>Camp 2: 22,110&#8217;\/6700m<\/li>\n<li>Camp 3: 23,760&#8217;\/7200m<\/li>\n<li>Camp 4: 25,080&#8217;\/7600m<\/li>\n<li>Summit: 28,251&#8221;\/8611<\/li>\n<\/ul>\n<\/li>\n<\/ul>\n<\/li>\n<\/ul>\n","protected":false},"excerpt":{"rendered":"<p>K2 climbers continue to stay at Base Camp stalled by the weather meanwhile the five or so climbers on Nepal&#8217;s Manaslu found a huge open crevasse that will require route-finding skills to navigate. Some of the Nepali K2 10 will join the Manaslu effort.<\/p>\n","protected":false},"author":4,"featured_media":16691,"comment_status":"open","ping_status":"closed","sticky":false,"template":"","format":"standard","meta":{"jetpack_post_was_ever_published":false,"footnotes":"","jetpack_publicize_message":"A huge crease on Manaslu stalls progress. Some of the Nepali K2 10 will join the Manaslu effort. Who may it be? The search ends for Goldfarb.","jetpack_publicize_feature_enabled":true,"jetpack_social_post_already_shared":true,"jetpack_social_options":{"image_generator_settings":{"template":"dois","default_image_id":0,"font":"","enabled":false},"version":2},"_wpas_customize_per_network":false},"categories":[7,422,562,597],"tags":[42,598],"class_list":["post-38239","post","type-post","status-publish","format-standard","has-post-thumbnail","hentry","category-climbing-news","category-k2","category-k2-2020-coverage","category-k2-winter","tag-k2","tag-k2-winter"],"aioseo_notices":[],"jetpack_publicize_connections":[],"jetpack_featured_media_url":"https:\/\/www.alanarnette.com\/blog\/wp-content\/uploads\/2013\/07\/manaslu.jpg","_links":{"self":[{"href":"https:\/\/www.alanarnette.com\/blog\/wp-json\/wp\/v2\/posts\/38239","targetHints":{"allow":["GET"]}}],"collection":[{"href":"https:\/\/www.alanarnette.com\/blog\/wp-json\/wp\/v2\/posts"}],"about":[{"href":"https:\/\/www.alanarnette.com\/blog\/wp-json\/wp\/v2\/types\/post"}],"author":[{"embeddable":true,"href":"https:\/\/www.alanarnette.com\/blog\/wp-json\/wp\/v2\/users\/4"}],"replies":[{"embeddable":true,"href":"https:\/\/www.alanarnette.com\/blog\/wp-json\/wp\/v2\/comments?post=38239"}],"version-history":[{"count":0,"href":"https:\/\/www.alanarnette.com\/blog\/wp-json\/wp\/v2\/posts\/38239\/revisions"}],"wp:featuredmedia":[{"embeddable":true,"href":"https:\/\/www.alanarnette.com\/blog\/wp-json\/wp\/v2\/media\/16691"}],"wp:attachment":[{"href":"https:\/\/www.alanarnette.com\/blog\/wp-json\/wp\/v2\/media?parent=38239"}],"wp:term":[{"taxonomy":"category","embeddable":true,"href":"https:\/\/www.alanarnette.com\/blog\/wp-json\/wp\/v2\/categories?post=38239"},{"taxonomy":"post_tag","embeddable":true,"href":"https:\/\/www.alanarnette.com\/blog\/wp-json\/wp\/v2\/tags?post=38239"}],"curies":[{"name":"wp","href":"https:\/\/api.w.org\/{rel}","templated":true}]}}